{"id":1024,"date":"2020-07-17T21:46:05","date_gmt":"2020-07-17T19:46:05","guid":{"rendered":"http:\/\/hervelinghen.fr\/?p=1024"},"modified":"2020-11-17T21:46:26","modified_gmt":"2020-11-17T20:46:26","slug":"eclairage-public","status":"publish","type":"post","link":"http:\/\/hervelinghen.fr\/?p=1024","title":{"rendered":"Eclairage public"},"content":{"rendered":"<p>Le 16 juillet 2020, le Conseil Municipal a d\u00e9cid\u00e9 \u00e0 l\u2019unanimit\u00e9 des pr\u00e9sents d\u2019adopter le principe de changer les horaires de fonctionnement de l\u2019\u00e9clairage public comme suit :<\/p>\n<p>extinction de l\u2019\u00e9clairage public de 23h30 \u00e0 5h30 toute l\u2019ann\u00e9e, sauf durant la p\u00e9riode qui encadre le solstice d\u2019\u00e9t\u00e9 du 15 mai au 15 ao\u00fbt, au cours de laquelle l\u2019extinction sera totale<\/p>\n","protected":false},"excerpt":{"rendered":"<p>Le 16 juillet 2020, le Conseil Municipal a d\u00e9cid\u00e9 \u00e0 l\u2019unanimit\u00e9 des pr\u00e9sents d\u2019adopter le principe de changer les horaires de fonctionnement de l\u2019\u00e9clairage public comme suit : extinction de l\u2019\u00e9clairage public de 23h30 \u00e0 5h30 toute l\u2019ann\u00e9e, sauf durant &hellip; <a href=\"http:\/\/hervelinghen.fr\/?p=1024\">Lire la suite\u00ad\u00ad<\/a><\/p>\n","protected":false},"author":1,"featured_media":1025,"comment_status":"open","ping_status":"open","sticky":false,"template":"","format":"standard","meta":{"kt_blocks_editor_width":""},"categories":[1],"tags":[],"yoast_head":"<!-- This site is optimized with the Yoast SEO plugin v15.3 - https:\/\/yoast.com\/wordpress\/plugins\/seo\/ -->\n<title>Eclairage public - Hervelinghen<\/title>\n<meta name=\"description\" content=\"Le 16 juillet 2020, le Conseil Municipal a d\u00e9cid\u00e9 \u00e0 l\u2019unanimit\u00e9 des pr\u00e9sents d\u2019adopter le principe de changer les horaires de fonctionnement de l\u2019\u00e9clairage public comme suit : extinction de l\u2019\u00e9clairage public de 23h30 \u00e0 5h30 toute l\u2019ann\u00e9e, sauf durant la p\u00e9riode qui encadre le solstice d\u2019\u00e9t\u00e9 du 15 mai au 15 ao\u00fbt, au cours de laquelle l\u2019extinction sera totale\" \/>\n<meta name=\"robots\" content=\"index, follow, max-snippet:-1, max-image-preview:large, max-video-preview:-1\" \/>\n<link rel=\"canonical\" href=\"http:\/\/hervelinghen.fr\/?p=1024\" \/>\n<meta property=\"og:locale\" content=\"fr_FR\" \/>\n<meta property=\"og:type\" content=\"article\" \/>\n<meta property=\"og:title\" content=\"Eclairage public - Hervelinghen\" \/>\n<meta property=\"og:description\" content=\"Le 16 juillet 2020, le Conseil Municipal a d\u00e9cid\u00e9 \u00e0 l\u2019unanimit\u00e9 des pr\u00e9sents d\u2019adopter le principe de changer les horaires de fonctionnement de l\u2019\u00e9clairage public comme suit : extinction de l\u2019\u00e9clairage public de 23h30 \u00e0 5h30 toute l\u2019ann\u00e9e, sauf durant la p\u00e9riode qui encadre le solstice d\u2019\u00e9t\u00e9 du 15 mai au 15 ao\u00fbt, au cours de laquelle l\u2019extinction sera totale\" \/>\n<meta property=\"og:url\" content=\"http:\/\/hervelinghen.fr\/?p=1024\" \/>\n<meta property=\"og:site_name\" content=\"Hervelinghen\" \/>\n<meta property=\"article:published_time\" content=\"2020-07-17T19:46:05+00:00\" \/>\n<meta property=\"article:modified_time\" content=\"2020-11-17T20:46:26+00:00\" \/>\n<meta property=\"og:image\" content=\"http:\/\/hervelinghen.fr\/wp-content\/uploads\/2020\/11\/lampadaire.jpg\" \/>\n\t<meta property=\"og:image:width\" content=\"720\" \/>\n\t<meta property=\"og:image:height\" content=\"540\" \/>\n<meta name=\"twitter:card\" content=\"summary_large_image\" \/>\n<meta name=\"twitter:label1\" content=\"\u00c9crit par\">\n\t<meta name=\"twitter:data1\" content=\"admin8904\">\n\t<meta name=\"twitter:label2\" content=\"Dur\u00e9e de lecture est.\">\n\t<meta name=\"twitter:data2\" content=\"0 minute\">\n<script type=\"application\/ld+json\" class=\"yoast-schema-graph\">{\"@context\":\"https:\/\/schema.org\",\"@graph\":[{\"@type\":\"WebSite\",\"@id\":\"http:\/\/hervelinghen.fr\/#website\",\"url\":\"http:\/\/hervelinghen.fr\/\",\"name\":\"Hervelinghen\",\"description\":\"Bien vivre ensemble\",\"potentialAction\":[{\"@type\":\"SearchAction\",\"target\":\"http:\/\/hervelinghen.fr\/?s={search_term_string}\",\"query-input\":\"required name=search_term_string\"}],\"inLanguage\":\"fr-FR\"},{\"@type\":\"ImageObject\",\"@id\":\"http:\/\/hervelinghen.fr\/?p=1024#primaryimage\",\"inLanguage\":\"fr-FR\",\"url\":\"http:\/\/hervelinghen.fr\/wp-content\/uploads\/2020\/11\/lampadaire.jpg\",\"width\":720,\"height\":540},{\"@type\":\"WebPage\",\"@id\":\"http:\/\/hervelinghen.fr\/?p=1024#webpage\",\"url\":\"http:\/\/hervelinghen.fr\/?p=1024\",\"name\":\"Eclairage public - Hervelinghen\",\"isPartOf\":{\"@id\":\"http:\/\/hervelinghen.fr\/#website\"},\"primaryImageOfPage\":{\"@id\":\"http:\/\/hervelinghen.fr\/?p=1024#primaryimage\"},\"datePublished\":\"2020-07-17T19:46:05+00:00\",\"dateModified\":\"2020-11-17T20:46:26+00:00\",\"author\":{\"@id\":\"http:\/\/hervelinghen.fr\/#\/schema\/person\/277b521818edcf305bbb2b5eb7237628\"},\"description\":\"Le 16 juillet 2020, le Conseil Municipal a d\\u00e9cid\\u00e9 \\u00e0 l\\u2019unanimit\\u00e9 des pr\\u00e9sents d\\u2019adopter le principe de changer les horaires de fonctionnement de l\\u2019\\u00e9clairage public comme suit : extinction de l\\u2019\\u00e9clairage public de 23h30 \\u00e0 5h30 toute l\\u2019ann\\u00e9e, sauf durant la p\\u00e9riode qui encadre le solstice d\\u2019\\u00e9t\\u00e9 du 15 mai au 15 ao\\u00fbt, au cours de laquelle l\\u2019extinction sera totale\",\"inLanguage\":\"fr-FR\",\"potentialAction\":[{\"@type\":\"ReadAction\",\"target\":[\"http:\/\/hervelinghen.fr\/?p=1024\"]}]},{\"@type\":\"Person\",\"@id\":\"http:\/\/hervelinghen.fr\/#\/schema\/person\/277b521818edcf305bbb2b5eb7237628\",\"name\":\"admin8904\",\"image\":{\"@type\":\"ImageObject\",\"@id\":\"http:\/\/hervelinghen.fr\/#personlogo\",\"inLanguage\":\"fr-FR\",\"url\":\"http:\/\/0.gravatar.com\/avatar\/637ee512ba525e5dfdd0066e3131a1e9?s=96&d=mm&r=g\",\"caption\":\"admin8904\"}}]}<\/script>\n<!-- \/ Yoast SEO plugin. -->","_links":{"self":[{"href":"http:\/\/hervelinghen.fr\/index.php?rest_route=\/wp\/v2\/posts\/1024"}],"collection":[{"href":"http:\/\/hervelinghen.fr\/index.php?rest_route=\/wp\/v2\/posts"}],"about":[{"href":"http:\/\/hervelinghen.fr\/index.php?rest_route=\/wp\/v2\/types\/post"}],"author":[{"embeddable":true,"href":"http:\/\/hervelinghen.fr\/index.php?rest_route=\/wp\/v2\/users\/1"}],"replies":[{"embeddable":true,"href":"http:\/\/hervelinghen.fr\/index.php?rest_route=%2Fwp%2Fv2%2Fcomments&post=1024"}],"version-history":[{"count":1,"href":"http:\/\/hervelinghen.fr\/index.php?rest_route=\/wp\/v2\/posts\/1024\/revisions"}],"predecessor-version":[{"id":1026,"href":"http:\/\/hervelinghen.fr\/index.php?rest_route=\/wp\/v2\/posts\/1024\/revisions\/1026"}],"wp:featuredmedia":[{"embeddable":true,"href":"http:\/\/hervelinghen.fr\/index.php?rest_route=\/wp\/v2\/media\/1025"}],"wp:attachment":[{"href":"http:\/\/hervelinghen.fr\/index.php?rest_route=%2Fwp%2Fv2%2Fmedia&parent=1024"}],"wp:term":[{"taxonomy":"category","embeddable":true,"href":"http:\/\/hervelinghen.fr\/index.php?rest_route=%2Fwp%2Fv2%2Fcategories&post=1024"},{"taxonomy":"post_tag","embeddable":true,"href":"http:\/\/hervelinghen.fr\/index.php?rest_route=%2Fwp%2Fv2%2Ftags&post=1024"}],"curies":[{"name":"wp","href":"https:\/\/api.w.org\/{rel}","templated":true}]}}